{"id":1761,"date":"2026-03-16T10:27:42","date_gmt":"2026-03-16T09:27:42","guid":{"rendered":"https:\/\/www.copernicus-italia.it\/?p=1761"},"modified":"2026-03-26T08:20:01","modified_gmt":"2026-03-26T07:20:01","slug":"visioni-dal-cielo-levento-conclusivo-del-clms-national-collaboration-programme","status":"publish","type":"post","link":"https:\/\/www.copernicus-italia.it\/?p=1761","title":{"rendered":"Visioni dal Cielo: l\u2019evento conclusivo del CLMS National Collaboration Programme"},"content":{"rendered":"\n<p id=\"p-rc_5c50ebe59de3dcb5-39\">Si terr\u00e0 il prossimo <strong>20 marzo 2026<\/strong> a <strong>Roma<\/strong> (e in streaming) l&#8217;evento conclusivo della prima fase del <strong>CLMS National Collaboration Programme<\/strong>, un momento fondamentale per fare il punto sull\u2019integrazione tra le eccellenze tecniche nazionali e i servizi europei <strong>Copernicus<\/strong><sup><\/sup>.<\/p>\n\n\n\n<p id=\"p-rc_5c50ebe59de3dcb5-40\">L&#8217;incontro, dal titolo <em>&#8220;VISIONI DAL CIELO: Crescere e imparare con CLMS&#8221;<\/em>, presenter\u00e0 i risultati del percorso avviato con il <strong>Memorandum of Understanding (MoU)<\/strong> siglato con l\u2019Agenzia Europea dell\u2019Ambiente (AEA)<sup><\/sup>. Un accordo che ha rafforzato la sinergia italiana con il <strong>Copernicus Land Monitoring Service (CLMS)<\/strong>, inserendosi nel quadro pi\u00f9 ampio di collaborazione che include anche i servizi per l\u2019atmosfera (<strong>CAMS<\/strong>) e i cambiamenti climatici (<strong>C3S<\/strong>)<sup><\/sup>.<\/p>\n\n\n\n<p class=\"has-medium-font-size\"><strong>I pilastri dell\u2019iniziativa<\/strong><\/p>\n\n\n\n<p>In questo anno e mezzo di lavoro, il programma ha perseguito tre obiettivi ambiziosi:<\/p>\n\n\n\n<ul class=\"wp-block-list\">\n<li><strong>Sinergia Informativa:<\/strong> Rafforzare l\u2019informazione e lo sviluppo di prodotti di monitoraggio condivisi.<\/li>\n\n\n\n<li><strong>Integrazione dei Dati:<\/strong> Promuovere la coerenza tra i servizi tematici nazionali (basati su dati <em>in situ<\/em>, telerilevamento e modellistica) e gli standard europei.<\/li>\n\n\n\n<li><strong>Innovazione Locale:<\/strong> Sviluppare nuovi strumenti di monitoraggio a partire dai prodotti di Copernicus per rispondere alle esigenze specifiche del territorio italiano.<\/li>\n<\/ul>\n\n\n\n<p class=\"has-medium-font-size\"><strong>Risultati e prospettive future<\/strong><\/p>\n\n\n\n<p>Grazie al dialogo costante con l\u2019AEA, anche con l\u2019ospitalit\u00e0 da parte dell\u2019AEA di giovani dottorandi di talento per attivit\u00e0 di ricerca, come Silvia Ricolfi la cui attivit\u00e0 \u00e8 seguita e supportata anche da ISPRA, si promuove l\u2019adozione dei dati satellitari in campo ambientale. Il programma dell\u2019evento illustrer\u00e0 una vasta gamma di <strong>casi d\u2019uso pratici<\/strong>: dal monitoraggio del consumo di suolo, degli incendi boschivi, alla gestione avanzata del rischio alluvioni.<\/p>\n\n\n\n<p>La giornata vedr\u00e0 la <strong>partecipazione straordinaria in presenza di un esperto dell\u2019Agenzia Europea dell\u2019Ambiente (EEA)<\/strong>.<\/p>\n\n\n\n<p class=\"has-medium-font-size\"><strong>Dettagli dell&#8217;evento:<\/strong><\/p>\n\n\n\n<p class=\"has-small-font-size\"><strong>Luogo:<\/strong> ISPRA, Sala Conferenze, Via Vitaliano Brancati, 48 &#8211; ROMA \/ Streaming Online<\/p>\n\n\n\n<p class=\"has-small-font-size\"><strong>Data:<\/strong> 20 Marzo 2026<\/p>\n\n\n\n<div class=\"wp-block-file\"><a href=\"https:\/\/www.copernicus-italia.it\/wp-content\/uploads\/2026\/03\/Visioni-dal-Cielo_Programma_20032026.pdf\" class=\"wp-block-file__button wp-element-button\" download>Scarica qui il programma<\/a><\/div>\n\n\n\n<p class=\"has-medium-font-size\">Le presentazioni dell\u2019evento sono disponibili al seguente <a href=\"https:\/\/groupware.sinanet.isprambiente.it\/uso-copertura-e-consumo-di-suolo\/library\/national-collaboration-programme-il-clms\/secondo-meeting-nazionale-20-marzo-2026\">link<\/a><\/p>\n\n\n\n<p><\/p>\n","protected":false},"excerpt":{"rendered":"<p>Si terr\u00e0 il prossimo 20 marzo 2026 a Roma (e in streaming) l&#8217;evento conclusivo della prima fase del CLMS National Collaboration Programme, un momento fondamentale per fare il punto sull\u2019integrazione tra le eccellenze tecniche nazionali e i servizi europei Copernicus.<\/p>\n","protected":false},"author":3,"featured_media":1762,"comment_status":"closed","ping_status":"closed","sticky":false,"template":"","format":"standard","meta":{"_eb_attr":"","footnotes":""},"categories":[6],"tags":[10],"class_list":["post-1761","post","type-post","status-publish","format-standard","has-post-thumbnail","hentry","category-eventi-internazionali","tag-ncp-clms"],"_links":{"self":[{"href":"https:\/\/www.copernicus-italia.it\/index.php?rest_route=\/wp\/v2\/posts\/1761","targetHints":{"allow":["GET"]}}],"collection":[{"href":"https:\/\/www.copernicus-italia.it\/index.php?rest_route=\/wp\/v2\/posts"}],"about":[{"href":"https:\/\/www.copernicus-italia.it\/index.php?rest_route=\/wp\/v2\/types\/post"}],"author":[{"embeddable":true,"href":"https:\/\/www.copernicus-italia.it\/index.php?rest_route=\/wp\/v2\/users\/3"}],"replies":[{"embeddable":true,"href":"https:\/\/www.copernicus-italia.it\/index.php?rest_route=%2Fwp%2Fv2%2Fcomments&post=1761"}],"version-history":[{"count":10,"href":"https:\/\/www.copernicus-italia.it\/index.php?rest_route=\/wp\/v2\/posts\/1761\/revisions"}],"predecessor-version":[{"id":1780,"href":"https:\/\/www.copernicus-italia.it\/index.php?rest_route=\/wp\/v2\/posts\/1761\/revisions\/1780"}],"wp:featuredmedia":[{"embeddable":true,"href":"https:\/\/www.copernicus-italia.it\/index.php?rest_route=\/wp\/v2\/media\/1762"}],"wp:attachment":[{"href":"https:\/\/www.copernicus-italia.it\/index.php?rest_route=%2Fwp%2Fv2%2Fmedia&parent=1761"}],"wp:term":[{"taxonomy":"category","embeddable":true,"href":"https:\/\/www.copernicus-italia.it\/index.php?rest_route=%2Fwp%2Fv2%2Fcategories&post=1761"},{"taxonomy":"post_tag","embeddable":true,"href":"https:\/\/www.copernicus-italia.it\/index.php?rest_route=%2Fwp%2Fv2%2Ftags&post=1761"}],"curies":[{"name":"wp","href":"https:\/\/api.w.org\/{rel}","templated":true}]}}