{"id":1773,"date":"2026-03-17T11:35:09","date_gmt":"2026-03-17T10:35:09","guid":{"rendered":"https:\/\/www.copernicus-italia.it\/?p=1773"},"modified":"2026-03-17T11:35:09","modified_gmt":"2026-03-17T10:35:09","slug":"il-polline-nello-spazio","status":"publish","type":"post","link":"https:\/\/www.copernicus-italia.it\/?p=1773","title":{"rendered":"Il Polline nello Spazio"},"content":{"rendered":"\n<p>Il <strong>19 marzo<\/strong>, in occasione della XIX edizione della Giornata Nazionale del Polline, l&#8217;ISPRA\u00a0e l\u2019Universit\u00e0 degli Studi di Perugia presentano <strong>il workshop \u201cIL POLLINE NELLO SPAZIO\u201d<\/strong>.<br>L\u2019evento, in modalit\u00e0 mista, \u00e8 organizzato in collaborazione con la Societ\u00e0 Italiana di Aerobiologia Medicina e Ambiente (SIAMA), la Societ\u00e0 Botanica Italiana (SBI), il Gruppo di Palinologia e Paleobotanica (GPP-SBI) e la Societ\u00e0 Italiana di Allergologia e Immunologia Pediatrica (SIAIP), ha lo scopo di promuovere l\u2019aerobiologia come\u00a0disciplina fondamentale nello studio delle problematiche ambientali connesse all\u2019interpretazione della malattia allergica e di contribuire a diffondere la cultura dell\u2019approccio multidisciplinare alle problematiche della salute dell\u2019uomo e dell\u2019ambiente.<\/p>\n\n\n\n<p><\/p>\n\n\n\n<p>\u00a0<strong>Focus Session: Il dato aerobiologico dalle reti di monitoraggio al Copernicus Atmosphere Monitoring<\/strong><br>Una sessione sar\u00e0 in particolare dedicata all&#8217;integrazione dei dati aerobiologici con i servizi europei di monitoraggio atmosferico e verranno presentati i risultati della survey dedicata agli utenti dei dati pollinici nell\u2019ambito dell\u2019iniziativa <a href=\"https:\/\/www.linkedin.com\/search\/results\/all\/?keywords=%23camsncp&amp;origin=HASH_TAG_FROM_FEED\">hashtag#CAMSNCP<\/a>. Comprendere le esigenze di chi utilizza questi dati \u00e8 fondamentale per migliorare l&#8217;uso e incrementare la fruizione dei servizi Copernicus a livello nazionale<br><br>L&#8217;evento si terr\u00e0 presso l&#8217;Aula Magna Palazzo Bernabei, Universit\u00e0 degli Studi di Perugia, Sede di Assisi <strong>dalle 9:30 alle 13:30<\/strong><br>Via San Francesco, 19, 06081 Assisi PG<br><br>Modulo di iscrizione: <a href=\"https:\/\/www.google.com\/url?q=https:\/\/forms.cloud.microsoft\/Pages\/ResponsePage.aspx?id%3DYrd0aZmERUiwNXtlxhxaksmkp1ajWRVIj6CHMeTEJxBUQVdSODJGVFpNSlFFWDNET0U5WE00OFNFNy4u&amp;source=gmail-imap&amp;ust=1774281309000000&amp;usg=AOvVaw2j4X7UhxIHdC8VtJmyOawE\" target=\"_blank\" rel=\"noreferrer noopener\">https:\/\/forms.cloud.microsoft\/Pages\/ResponsePage.aspx?id=Yrd0aZmERUiwNXtlxhxaksmkp1ajWRVIj6CHMeTEJxBUQVdSODJGVFpNSlFFWDNET0U5WE00OFNFNy4u<\/a><\/p>\n\n\n\n<p><\/p>\n\n\n\n<p><\/p>\n","protected":false},"excerpt":{"rendered":"<p>Il 19 marzo, in occasione della XIX edizione della Giornata Nazionale del Polline, l&#8217;ISPRA\u00a0e l\u2019Universit\u00e0 degli Studi di Perugia presentano il workshop \u201cIL POLLINE NELLO SPAZIO\u201d.<\/p>\n","protected":false},"author":3,"featured_media":1774,"comment_status":"closed","ping_status":"closed","sticky":false,"template":"","format":"standard","meta":{"_eb_attr":"","footnotes":""},"categories":[5],"tags":[8],"class_list":["post-1773","post","type-post","status-publish","format-standard","has-post-thumbnail","hentry","category-eventi-nazionali","tag-ncp-cams2"],"_links":{"self":[{"href":"https:\/\/www.copernicus-italia.it\/index.php?rest_route=\/wp\/v2\/posts\/1773","targetHints":{"allow":["GET"]}}],"collection":[{"href":"https:\/\/www.copernicus-italia.it\/index.php?rest_route=\/wp\/v2\/posts"}],"about":[{"href":"https:\/\/www.copernicus-italia.it\/index.php?rest_route=\/wp\/v2\/types\/post"}],"author":[{"embeddable":true,"href":"https:\/\/www.copernicus-italia.it\/index.php?rest_route=\/wp\/v2\/users\/3"}],"replies":[{"embeddable":true,"href":"https:\/\/www.copernicus-italia.it\/index.php?rest_route=%2Fwp%2Fv2%2Fcomments&post=1773"}],"version-history":[{"count":1,"href":"https:\/\/www.copernicus-italia.it\/index.php?rest_route=\/wp\/v2\/posts\/1773\/revisions"}],"predecessor-version":[{"id":1775,"href":"https:\/\/www.copernicus-italia.it\/index.php?rest_route=\/wp\/v2\/posts\/1773\/revisions\/1775"}],"wp:featuredmedia":[{"embeddable":true,"href":"https:\/\/www.copernicus-italia.it\/index.php?rest_route=\/wp\/v2\/media\/1774"}],"wp:attachment":[{"href":"https:\/\/www.copernicus-italia.it\/index.php?rest_route=%2Fwp%2Fv2%2Fmedia&parent=1773"}],"wp:term":[{"taxonomy":"category","embeddable":true,"href":"https:\/\/www.copernicus-italia.it\/index.php?rest_route=%2Fwp%2Fv2%2Fcategories&post=1773"},{"taxonomy":"post_tag","embeddable":true,"href":"https:\/\/www.copernicus-italia.it\/index.php?rest_route=%2Fwp%2Fv2%2Ftags&post=1773"}],"curies":[{"name":"wp","href":"https:\/\/api.w.org\/{rel}","templated":true}]}}